{"id":176,"date":"2015-09-16T19:11:42","date_gmt":"2015-09-16T19:11:42","guid":{"rendered":"http:\/\/www.hop-frog.net\/?p=176"},"modified":"2015-09-16T19:18:12","modified_gmt":"2015-09-16T19:18:12","slug":"une-jaquette-pour-et-tes-soleils","status":"publish","type":"post","link":"https:\/\/www.hop-frog.net\/?p=176","title":{"rendered":"Une jaquette pour Et tes soleils"},"content":{"rendered":"<p>A l&rsquo;occasion de la repr\u00e9sentation de la pi\u00e8ce <a href=\"http:\/\/www.hop-frog.net\/?p=126\" target=\"_blank\">Et tes soleils<\/a> au <a href=\"http:\/\/www.chateau-auvers.fr\/les-journees-du-patrimoine-2015\/\" target=\"_blank\">Ch\u00e2teau d\u2019Auvers-sur-Oise<\/a> Hop-Frog a sorti une jaquette pour illustrer la couverture du texte de la pi\u00e8ce :<\/p>\n<p><a href=\"http:\/\/www.hop-frog.net\/wp-content\/uploads\/2015\/09\/cover_slider_et-tes-soleils_jacket.png\"><img loading=\"lazy\" class=\"aligncenter size-medium wp-image-177\" src=\"http:\/\/www.hop-frog.net\/wp-content\/uploads\/2015\/09\/cover_slider_et-tes-soleils_jacket-300x300.png\" alt=\"cover_slider_et tes soleils_jacket\" width=\"300\" height=\"300\" srcset=\"https:\/\/www.hop-frog.net\/wp-content\/uploads\/2015\/09\/cover_slider_et-tes-soleils_jacket-300x300.png 300w, https:\/\/www.hop-frog.net\/wp-content\/uploads\/2015\/09\/cover_slider_et-tes-soleils_jacket-150x150.png 150w, https:\/\/www.hop-frog.net\/wp-content\/uploads\/2015\/09\/cover_slider_et-tes-soleils_jacket.png 425w\" sizes=\"(max-width: 300px) 100vw, 300px\" \/><\/a><\/p>\n<p>Cette jaquette, illustr\u00e9e par une oeuvre d&rsquo;<a href=\"http:\/\/rabiernowart.com\" target=\"_blank\">Arnaud Rabier Nowart<\/a>, nous rappelle la modernit\u00e9 des questionnements sur l&rsquo;art soulev\u00e9s par cette pi\u00e8ce.<\/p>\n<p>Dans le cadre des journ\u00e9es du patrimoine, <a href=\"http:\/\/cie-rougevert.com\/\" target=\"_blank\">la compagnie le Rouge et le Vert<\/a> donnera deux repr\u00e9sentations de la pi\u00e8ce Et tes soleils les samedi 19 et dimanche 20 septembre 2015 \u00e0 15h \u00e0 la Salle Van Gogh Auditorium du mus\u00e9e des impressionnistes d&rsquo;Auvers-sur-Oise.<\/p>\n<div class=\"synved-social-container synved-social-container-share\"><a class=\"synved-social-button synved-social-button-share synved-social-size-16 synved-social-resolution-single synved-social-provider-facebook nolightbox\" data-provider=\"facebook\" target=\"_blank\" rel=\"nofollow\" title=\"Partagez sur Facebook\" href=\"https:\/\/www.facebook.com\/sharer.php?u=https%3A%2F%2Fwww.hop-frog.net&#038;t=Une%20jaquette%20pour%20Et%20tes%20soleils&#038;s=100&#038;p&#091;url&#093;=https%3A%2F%2Fwww.hop-frog.net&#038;p&#091;images&#093;&#091;0&#093;=http%3A%2F%2Fwww.hop-frog.net%2Fwp-content%2Fuploads%2F2015%2F09%2Fcover_slider_et-tes-soleils_jacket-300x300.png&#038;p&#091;title&#093;=Une%20jaquette%20pour%20Et%20tes%20soleils\" style=\"font-size: 0px;width:16px;height:16px;margin:0;margin-bottom:5px;margin-right:5px\"><img alt=\"Facebook\" title=\"Partagez sur Facebook\" class=\"synved-share-image synved-social-image synved-social-image-share\" width=\"16\" height=\"16\" style=\"display: inline;width:16px;height:16px;margin: 0;padding: 0;border: none\" src=\"https:\/\/www.hop-frog.net\/wp-content\/plugins\/social-media-feather\/synved-social\/image\/social\/regular\/32x32\/facebook.png\" \/><\/a><a class=\"synved-social-button synved-social-button-share synved-social-size-16 synved-social-resolution-single synved-social-provider-twitter nolightbox\" data-provider=\"twitter\" target=\"_blank\" rel=\"nofollow\" title=\"Share on Twitter\" href=\"https:\/\/twitter.com\/intent\/tweet?url=https%3A%2F%2Fwww.hop-frog.net&#038;text=Hey%20check%20this%20out\" style=\"font-size: 0px;width:16px;height:16px;margin:0;margin-bottom:5px\"><img alt=\"twitter\" title=\"Share on Twitter\" class=\"synved-share-image synved-social-image synved-social-image-share\" width=\"16\" height=\"16\" style=\"display: inline;width:16px;height:16px;margin: 0;padding: 0;border: none\" src=\"https:\/\/www.hop-frog.net\/wp-content\/plugins\/social-media-feather\/synved-social\/image\/social\/regular\/32x32\/twitter.png\" \/><\/a><\/div>","protected":false},"excerpt":{"rendered":"<p>A l&rsquo;occasion de la repr\u00e9sentation de la pi\u00e8ce Et tes soleils au Ch\u00e2teau d\u2019Auvers-sur-Oise Hop-Frog a sorti une jaquette pour illustrer la couverture du texte de la pi\u00e8ce : Cette jaquette, illustr\u00e9e par une oeuvre d&rsquo;Arnaud Rabier Nowart, nous rappelle la modernit\u00e9 des questionnements sur l&rsquo;art soulev\u00e9s par cette pi\u00e8ce. Dans le cadre des journ\u00e9es &hellip; <a href=\"https:\/\/www.hop-frog.net\/?p=176\" class=\"more-link\">Continuer la lecture de <span class=\"screen-reader-text\">Une jaquette pour Et tes soleils<\/span>  <span class=\"meta-nav\">&rarr;<\/span><\/a><\/p>\n","protected":false},"author":1,"featured_media":0,"comment_status":"closed","ping_status":"closed","sticky":false,"template":"","format":"image","meta":[],"categories":[10,2],"tags":[],"_links":{"self":[{"href":"https:\/\/www.hop-frog.net\/index.php?rest_route=\/wp\/v2\/posts\/176"}],"collection":[{"href":"https:\/\/www.hop-frog.net\/index.php?rest_route=\/wp\/v2\/posts"}],"about":[{"href":"https:\/\/www.hop-frog.net\/index.php?rest_route=\/wp\/v2\/types\/post"}],"author":[{"embeddable":true,"href":"https:\/\/www.hop-frog.net\/index.php?rest_route=\/wp\/v2\/users\/1"}],"replies":[{"embeddable":true,"href":"https:\/\/www.hop-frog.net\/index.php?rest_route=%2Fwp%2Fv2%2Fcomments&post=176"}],"version-history":[{"count":4,"href":"https:\/\/www.hop-frog.net\/index.php?rest_route=\/wp\/v2\/posts\/176\/revisions"}],"predecessor-version":[{"id":181,"href":"https:\/\/www.hop-frog.net\/index.php?rest_route=\/wp\/v2\/posts\/176\/revisions\/181"}],"wp:attachment":[{"href":"https:\/\/www.hop-frog.net\/index.php?rest_route=%2Fwp%2Fv2%2Fmedia&parent=176"}],"wp:term":[{"taxonomy":"category","embeddable":true,"href":"https:\/\/www.hop-frog.net\/index.php?rest_route=%2Fwp%2Fv2%2Fcategories&post=176"},{"taxonomy":"post_tag","embeddable":true,"href":"https:\/\/www.hop-frog.net\/index.php?rest_route=%2Fwp%2Fv2%2Ftags&post=176"}],"curies":[{"name":"wp","href":"https:\/\/api.w.org\/{rel}","templated":true}]}}